{"id":204,"date":"2025-02-12T16:26:21","date_gmt":"2025-02-12T19:26:21","guid":{"rendered":"https:\/\/www.afbraco.com.br\/blog\/?p=204"},"modified":"2025-02-12T16:27:10","modified_gmt":"2025-02-12T19:27:10","slug":"fabricacao-de-maquinas-e-equipamentos-em-sao-bernardo-do-campo","status":"publish","type":"post","link":"https:\/\/www.afbraco.com.br\/blog\/maquinas-e-equipamentos\/fabricacao-de-maquinas-e-equipamentos-em-sao-bernardo-do-campo\/","title":{"rendered":"Fabrica\u00e7\u00e3o de m\u00e1quinas e equipamentos em S\u00e3o Bernardo do Campo"},"content":{"rendered":"<span class=\"rt-reading-time\" style=\"display: block;\"><span class=\"rt-label rt-prefix\">Tempo de leitura: <\/span> <span class=\"rt-time\">4<\/span> <span class=\"rt-label rt-postfix\">minutos<\/span><\/span>\n<p class=\"wp-block-paragraph\"><strong><em>A fabrica\u00e7\u00e3o de m\u00e1quinas e equipamentos em S\u00e3o Bernardo do Campo impulsiona a ind\u00fastria com inova\u00e7\u00e3o, qualidade e redu\u00e7\u00e3o de custos, fortalecendo o setor.<\/em><\/strong><\/p>\n\n\n\n<p class=\"wp-block-paragraph\">A <strong>f<\/strong>abrica\u00e7\u00e3o de m\u00e1quinas e equipamentos em S\u00e3o Bernardo do Campo \u00e9<strong> um dos pilares da economia local e do setor industrial brasileiro. <\/strong>A cidade se consolidou como um dos principais polos industriais do pa\u00eds, abrigando empresas que desenvolvem solu\u00e7\u00f5es inovadoras para diversas \u00e1reas da manufatura.<\/p>\n\n\n\n<p class=\"wp-block-paragraph\">Empresas que investem em tecnologia e automa\u00e7\u00e3o buscam fabricantes confi\u00e1veis para aprimorar seus processos produtivos, aumentar a efici\u00eancia e reduzir custos. O desenvolvimento de m\u00e1quinas personalizadas tornou-se um diferencial competitivo essencial.<\/p>\n\n\n\n<p class=\"wp-block-paragraph\">Neste artigo, exploraremos como funciona o processo de fabrica\u00e7\u00e3o, seus benef\u00edcios e fatores determinantes na escolha do melhor fabricante. Al\u00e9m disso, apresentamos a <strong>AF Braco<\/strong>, refer\u00eancia nacional na fabrica\u00e7\u00e3o de m\u00e1quinas especiais.<\/p>\n\n\n\n<p class=\"wp-block-paragraph\"><a href=\"https:\/\/www.afbraco.com.br\/blog\/2025\/02\/12\/fabricacao-de-maquinas-especiais-no-abc-solucoes-sob-medida\/\">Fabrica\u00e7\u00e3o de m\u00e1quinas especiais no ABC: solu\u00e7\u00f5es sob medida<\/a><\/p>\n\n\n\n<div id=\"ez-toc-container\" class=\"ez-toc-v2_0_68_1 counter-hierarchy ez-toc-counter ez-toc-grey ez-toc-container-direction\">\n<div class=\"ez-toc-title-container\">\n<p class=\"ez-toc-title \" >T&oacute;picos do artigo<\/p>\n<span class=\"ez-toc-title-toggle\"><a href=\"#\" class=\"ez-toc-pull-right ez-toc-btn ez-toc-btn-xs ez-toc-btn-default ez-toc-toggle\" aria-label=\"Toggle Table of Content\"><span class=\"ez-toc-js-icon-con\"><span class=\"\"><span class=\"eztoc-hide\" style=\"display:none;\">Toggle<\/span><span class=\"ez-toc-icon-toggle-span\"><svg style=\"fill: #999;color:#999\" xmlns=\"http:\/\/www.w3.org\/2000\/svg\" class=\"list-377408\" width=\"20px\" height=\"20px\" viewBox=\"0 0 24 24\" fill=\"none\"><path d=\"M6 6H4v2h2V6zm14 0H8v2h12V6zM4 11h2v2H4v-2zm16 0H8v2h12v-2zM4 16h2v2H4v-2zm16 0H8v2h12v-2z\" fill=\"currentColor\"><\/path><\/svg><svg style=\"fill: #999;color:#999\" class=\"arrow-unsorted-368013\" xmlns=\"http:\/\/www.w3.org\/2000\/svg\" width=\"10px\" height=\"10px\" viewBox=\"0 0 24 24\" version=\"1.2\" baseProfile=\"tiny\"><path d=\"M18.2 9.3l-6.2-6.3-6.2 6.3c-.2.2-.3.4-.3.7s.1.5.3.7c.2.2.4.3.7.3h11c.3 0 .5-.1.7-.3.2-.2.3-.5.3-.7s-.1-.5-.3-.7zM5.8 14.7l6.2 6.3 6.2-6.3c.2-.2.3-.5.3-.7s-.1-.5-.3-.7c-.2-.2-.4-.3-.7-.3h-11c-.3 0-.5.1-.7.3-.2.2-.3.5-.3.7s.1.5.3.7z\"\/><\/svg><\/span><\/span><\/span><\/a><\/span><\/div>\n<nav><ul class='ez-toc-list ez-toc-list-level-1 ' ><li class='ez-toc-page-1 ez-toc-heading-level-2'><a class=\"ez-toc-link ez-toc-heading-1\" href=\"https:\/\/www.afbraco.com.br\/blog\/maquinas-e-equipamentos\/fabricacao-de-maquinas-e-equipamentos-em-sao-bernardo-do-campo\/#Como_funciona_a_fabricacao_de_maquinas_e_equipamentos\" title=\"Como funciona a fabrica\u00e7\u00e3o de m\u00e1quinas e equipamentos?\">Como funciona a fabrica\u00e7\u00e3o de m\u00e1quinas e equipamentos?<\/a><ul class='ez-toc-list-level-3' ><li class='ez-toc-heading-level-3'><a class=\"ez-toc-link ez-toc-heading-2\" href=\"https:\/\/www.afbraco.com.br\/blog\/maquinas-e-equipamentos\/fabricacao-de-maquinas-e-equipamentos-em-sao-bernardo-do-campo\/#1_Desenvolvimento_e_engenharia\" title=\"1. Desenvolvimento e engenharia\">1. Desenvolvimento e engenharia<\/a><\/li><li class='ez-toc-page-1 ez-toc-heading-level-3'><a class=\"ez-toc-link ez-toc-heading-3\" href=\"https:\/\/www.afbraco.com.br\/blog\/maquinas-e-equipamentos\/fabricacao-de-maquinas-e-equipamentos-em-sao-bernardo-do-campo\/#2_Prototipagem_e_testes\" title=\"2. Prototipagem e testes\">2. Prototipagem e testes<\/a><\/li><li class='ez-toc-page-1 ez-toc-heading-level-3'><a class=\"ez-toc-link ez-toc-heading-4\" href=\"https:\/\/www.afbraco.com.br\/blog\/maquinas-e-equipamentos\/fabricacao-de-maquinas-e-equipamentos-em-sao-bernardo-do-campo\/#3_Producao_e_montagem\" title=\"3. Produ\u00e7\u00e3o e montagem\">3. Produ\u00e7\u00e3o e montagem<\/a><\/li><li class='ez-toc-page-1 ez-toc-heading-level-3'><a class=\"ez-toc-link ez-toc-heading-5\" href=\"https:\/\/www.afbraco.com.br\/blog\/maquinas-e-equipamentos\/fabricacao-de-maquinas-e-equipamentos-em-sao-bernardo-do-campo\/#4_Controle_de_qualidade\" title=\"4. Controle de qualidade\">4. Controle de qualidade<\/a><\/li><li class='ez-toc-page-1 ez-toc-heading-level-3'><a class=\"ez-toc-link ez-toc-heading-6\" href=\"https:\/\/www.afbraco.com.br\/blog\/maquinas-e-equipamentos\/fabricacao-de-maquinas-e-equipamentos-em-sao-bernardo-do-campo\/#5_Instalacao_e_suporte_tecnico\" title=\"5. Instala\u00e7\u00e3o e suporte t\u00e9cnico\">5. Instala\u00e7\u00e3o e suporte t\u00e9cnico<\/a><\/li><\/ul><\/li><li class='ez-toc-page-1 ez-toc-heading-level-2'><a class=\"ez-toc-link ez-toc-heading-7\" href=\"https:\/\/www.afbraco.com.br\/blog\/maquinas-e-equipamentos\/fabricacao-de-maquinas-e-equipamentos-em-sao-bernardo-do-campo\/#Beneficios_da_fabricacao_de_maquinas_e_equipamentos_em_Sao_Bernardo_do_Campo\" title=\"Benef\u00edcios da fabrica\u00e7\u00e3o de m\u00e1quinas e equipamentos em S\u00e3o Bernardo do Campo\">Benef\u00edcios da fabrica\u00e7\u00e3o de m\u00e1quinas e equipamentos em S\u00e3o Bernardo do Campo<\/a><ul class='ez-toc-list-level-3' ><li class='ez-toc-heading-level-3'><a class=\"ez-toc-link ez-toc-heading-8\" href=\"https:\/\/www.afbraco.com.br\/blog\/maquinas-e-equipamentos\/fabricacao-de-maquinas-e-equipamentos-em-sao-bernardo-do-campo\/#Aumento_da_produtividade\" title=\"Aumento da produtividade\">Aumento da produtividade<\/a><\/li><li class='ez-toc-page-1 ez-toc-heading-level-3'><a class=\"ez-toc-link ez-toc-heading-9\" href=\"https:\/\/www.afbraco.com.br\/blog\/maquinas-e-equipamentos\/fabricacao-de-maquinas-e-equipamentos-em-sao-bernardo-do-campo\/#Melhoria_da_qualidade\" title=\"Melhoria da qualidade\">Melhoria da qualidade<\/a><\/li><li class='ez-toc-page-1 ez-toc-heading-level-3'><a class=\"ez-toc-link ez-toc-heading-10\" href=\"https:\/\/www.afbraco.com.br\/blog\/maquinas-e-equipamentos\/fabricacao-de-maquinas-e-equipamentos-em-sao-bernardo-do-campo\/#Reducao_de_custos\" title=\"Redu\u00e7\u00e3o de custos\">Redu\u00e7\u00e3o de custos<\/a><\/li><li class='ez-toc-page-1 ez-toc-heading-level-3'><a class=\"ez-toc-link ez-toc-heading-11\" href=\"https:\/\/www.afbraco.com.br\/blog\/maquinas-e-equipamentos\/fabricacao-de-maquinas-e-equipamentos-em-sao-bernardo-do-campo\/#Inovacao_e_competitividade\" title=\"Inova\u00e7\u00e3o e competitividade\">Inova\u00e7\u00e3o e competitividade<\/a><\/li><li class='ez-toc-page-1 ez-toc-heading-level-3'><a class=\"ez-toc-link ez-toc-heading-12\" href=\"https:\/\/www.afbraco.com.br\/blog\/maquinas-e-equipamentos\/fabricacao-de-maquinas-e-equipamentos-em-sao-bernardo-do-campo\/#Flexibilidade_e_adaptabilidade\" title=\"Flexibilidade e adaptabilidade\">Flexibilidade e adaptabilidade<\/a><\/li><li class='ez-toc-page-1 ez-toc-heading-level-3'><a class=\"ez-toc-link ez-toc-heading-13\" href=\"https:\/\/www.afbraco.com.br\/blog\/maquinas-e-equipamentos\/fabricacao-de-maquinas-e-equipamentos-em-sao-bernardo-do-campo\/#Seguranca_no_ambiente_de_trabalho\" title=\"Seguran\u00e7a no ambiente de trabalho\">Seguran\u00e7a no ambiente de trabalho<\/a><\/li><\/ul><\/li><li class='ez-toc-page-1 ez-toc-heading-level-2'><a class=\"ez-toc-link ez-toc-heading-14\" href=\"https:\/\/www.afbraco.com.br\/blog\/maquinas-e-equipamentos\/fabricacao-de-maquinas-e-equipamentos-em-sao-bernardo-do-campo\/#Como_escolher_o_melhor_fabricante_de_maquinas\" title=\"Como escolher o melhor fabricante de m\u00e1quinas?\">Como escolher o melhor fabricante de m\u00e1quinas?<\/a><\/li><li class='ez-toc-page-1 ez-toc-heading-level-2'><a class=\"ez-toc-link ez-toc-heading-15\" href=\"https:\/\/www.afbraco.com.br\/blog\/maquinas-e-equipamentos\/fabricacao-de-maquinas-e-equipamentos-em-sao-bernardo-do-campo\/#AF_Braco_referencia_nacional_na_fabricacao_de_maquinas_especiais\" title=\"AF Braco: refer\u00eancia nacional na fabrica\u00e7\u00e3o de m\u00e1quinas especiais\">AF Braco: refer\u00eancia nacional na fabrica\u00e7\u00e3o de m\u00e1quinas especiais<\/a><ul class='ez-toc-list-level-3' ><li class='ez-toc-heading-level-3'><a class=\"ez-toc-link ez-toc-heading-16\" href=\"https:\/\/www.afbraco.com.br\/blog\/maquinas-e-equipamentos\/fabricacao-de-maquinas-e-equipamentos-em-sao-bernardo-do-campo\/#Diferenciais_da_AF_Braco\" title=\"Diferenciais da AF Braco\">Diferenciais da AF Braco<\/a><\/li><\/ul><\/li><li class='ez-toc-page-1 ez-toc-heading-level-2'><a class=\"ez-toc-link ez-toc-heading-17\" href=\"https:\/\/www.afbraco.com.br\/blog\/maquinas-e-equipamentos\/fabricacao-de-maquinas-e-equipamentos-em-sao-bernardo-do-campo\/#A_industria_do_futuro_passa_por_Sao_Bernardo_do_Campo\" title=\"A ind\u00fastria do futuro passa por S\u00e3o Bernardo do Campo\">A ind\u00fastria do futuro passa por S\u00e3o Bernardo do Campo<\/a><\/li><\/ul><\/nav><\/div>\n<h2 class=\"wp-block-heading\"><span class=\"ez-toc-section\" id=\"Como_funciona_a_fabricacao_de_maquinas_e_equipamentos\"><\/span>Como funciona a fabrica\u00e7\u00e3o de m\u00e1quinas e equipamentos?<span class=\"ez-toc-section-end\"><\/span><\/h2>\n\n\n\n<p class=\"wp-block-paragraph\">A fabrica\u00e7\u00e3o de m\u00e1quinas e equipamentos envolve diversas etapas t\u00e9cnicas e operacionais, exigindo alta precis\u00e3o, tecnologia avan\u00e7ada e rigoroso controle de qualidade. O processo pode ser dividido nas seguintes fases:<\/p>\n\n\n\n<h3 class=\"wp-block-heading\"><span class=\"ez-toc-section\" id=\"1_Desenvolvimento_e_engenharia\"><\/span>1. Desenvolvimento e engenharia<span class=\"ez-toc-section-end\"><\/span><\/h3>\n\n\n\n<p class=\"wp-block-paragraph\">Antes da produ\u00e7\u00e3o, engenheiros especializados realizam estudos detalhados para garantir que a m\u00e1quina atenda \u00e0s necessidades do cliente. S\u00e3o levados em conta fatores como funcionalidade, seguran\u00e7a e efici\u00eancia energ\u00e9tica.<\/p>\n\n\n\n<h3 class=\"wp-block-heading\"><span class=\"ez-toc-section\" id=\"2_Prototipagem_e_testes\"><\/span>2. Prototipagem e testes<span class=\"ez-toc-section-end\"><\/span><\/h3>\n\n\n\n<p class=\"wp-block-paragraph\">Antes da produ\u00e7\u00e3o em larga escala, \u00e9 comum a cria\u00e7\u00e3o de prot\u00f3tipos. Esses modelos s\u00e3o testados exaustivamente para verificar seu desempenho, resist\u00eancia e poss\u00edveis melhorias.<\/p>\n\n\n\n<h3 class=\"wp-block-heading\"><span class=\"ez-toc-section\" id=\"3_Producao_e_montagem\"><\/span>3. Produ\u00e7\u00e3o e montagem<span class=\"ez-toc-section-end\"><\/span><\/h3>\n\n\n\n<p class=\"wp-block-paragraph\">Na fabrica\u00e7\u00e3o propriamente dita, s\u00e3o utilizadas t\u00e9cnicas como corte, usinagem, soldagem e montagem das pe\u00e7as. Cada componente deve ser produzido com precis\u00e3o para garantir o funcionamento ideal da m\u00e1quina.<\/p>\n\n\n\n<h3 class=\"wp-block-heading\"><span class=\"ez-toc-section\" id=\"4_Controle_de_qualidade\"><\/span>4. Controle de qualidade<span class=\"ez-toc-section-end\"><\/span><\/h3>\n\n\n\n<p class=\"wp-block-paragraph\">A etapa de inspe\u00e7\u00e3o garante que todas as m\u00e1quinas fabricadas atendam \u00e0s normas regulat\u00f3rias. Testes de desempenho e seguran\u00e7a s\u00e3o aplicados antes da entrega ao cliente.<\/p>\n\n\n\n<h3 class=\"wp-block-heading\"><span class=\"ez-toc-section\" id=\"5_Instalacao_e_suporte_tecnico\"><\/span>5. Instala\u00e7\u00e3o e suporte t\u00e9cnico<span class=\"ez-toc-section-end\"><\/span><\/h3>\n\n\n\n<p class=\"wp-block-paragraph\">Ap\u00f3s a entrega, muitas empresas oferecem suporte t\u00e9cnico e manuten\u00e7\u00e3o para garantir o funcionamento cont\u00ednuo do equipamento.<\/p>\n\n\n\n<h2 class=\"wp-block-heading\"><span class=\"ez-toc-section\" id=\"Beneficios_da_fabricacao_de_maquinas_e_equipamentos_em_Sao_Bernardo_do_Campo\"><\/span>Benef\u00edcios da fabrica\u00e7\u00e3o de m\u00e1quinas e equipamentos em S\u00e3o Bernardo do Campo<span class=\"ez-toc-section-end\"><\/span><\/h2>\n\n\n\n<h3 class=\"wp-block-heading\"><span class=\"ez-toc-section\" id=\"Aumento_da_produtividade\"><\/span>Aumento da produtividade<span class=\"ez-toc-section-end\"><\/span><\/h3>\n\n\n\n<p class=\"wp-block-paragraph\">M\u00e1quinas modernas e automatizadas <strong>reduzem o tempo de produ\u00e7\u00e3o e minimizam falhas operacionais<\/strong>, permitindo que as empresas alcancem maior efici\u00eancia. A automa\u00e7\u00e3o industrial tamb\u00e9m contribui para a padroniza\u00e7\u00e3o dos processos, garantindo um fluxo produtivo mais \u00e1gil.<\/p>\n\n\n\n<h3 class=\"wp-block-heading\"><span class=\"ez-toc-section\" id=\"Melhoria_da_qualidade\"><\/span>Melhoria da qualidade<span class=\"ez-toc-section-end\"><\/span><\/h3>\n\n\n\n<p class=\"wp-block-paragraph\">O rigoroso controle de qualidade durante a fabrica\u00e7\u00e3o garante que os equipamentos sejam <strong>dur\u00e1veis, precisos e seguros<\/strong>. Isso evita desperd\u00edcios, falhas t\u00e9cnicas e necessidade de manuten\u00e7\u00f5es frequentes.<\/p>\n\n\n\n<h3 class=\"wp-block-heading\"><span class=\"ez-toc-section\" id=\"Reducao_de_custos\"><\/span>Redu\u00e7\u00e3o de custos<span class=\"ez-toc-section-end\"><\/span><\/h3>\n\n\n\n<p class=\"wp-block-paragraph\">Ao investir em equipamentos eficientes, as empresas conseguem reduzir custos operacionais de diversas formas:<\/p>\n\n\n\n<ul class=\"wp-block-list\">\n<li><strong>Menor desperd\u00edcio de mat\u00e9ria-prima<\/strong>, devido a cortes mais precisos.<\/li>\n\n\n\n<li><strong>Redu\u00e7\u00e3o de falhas<\/strong> no processo produtivo.<\/li>\n\n\n\n<li><strong>Menor necessidade de m\u00e3o de obra<\/strong> para tarefas repetitivas.<\/li>\n<\/ul>\n\n\n\n<h3 class=\"wp-block-heading\"><span class=\"ez-toc-section\" id=\"Inovacao_e_competitividade\"><\/span>Inova\u00e7\u00e3o e competitividade<span class=\"ez-toc-section-end\"><\/span><\/h3>\n\n\n\n<p class=\"wp-block-paragraph\">A <strong>fabrica\u00e7\u00e3o de m\u00e1quinas e equipamentos no ABC<\/strong> \u00e9 impulsionada pela Ind\u00fastria 4.0, intelig\u00eancia artificial e automa\u00e7\u00e3o. Empresas que investem em inova\u00e7\u00e3o garantem solu\u00e7\u00f5es tecnol\u00f3gicas avan\u00e7adas, aumentando sua competitividade no mercado nacional e internacional.<\/p>\n\n\n\n<h3 class=\"wp-block-heading\"><span class=\"ez-toc-section\" id=\"Flexibilidade_e_adaptabilidade\"><\/span>Flexibilidade e adaptabilidade<span class=\"ez-toc-section-end\"><\/span><\/h3>\n\n\n\n<p class=\"wp-block-paragraph\">A produ\u00e7\u00e3o de m\u00e1quinas pode ser <strong>customizada para atender demandas espec\u00edficas<\/strong>, o que garante maior flexibilidade para empresas que operam em setores variados.<\/p>\n\n\n\n<h3 class=\"wp-block-heading\"><span class=\"ez-toc-section\" id=\"Seguranca_no_ambiente_de_trabalho\"><\/span>Seguran\u00e7a no ambiente de trabalho<span class=\"ez-toc-section-end\"><\/span><\/h3>\n\n\n\n<p class=\"wp-block-paragraph\">Equipamentos modernos contam com <strong>sistemas de seguran\u00e7a integrados<\/strong>, reduzindo riscos de acidentes e garantindo um ambiente de trabalho mais seguro para os operadores.<\/p>\n\n\n\n<h2 class=\"wp-block-heading\"><span class=\"ez-toc-section\" id=\"Como_escolher_o_melhor_fabricante_de_maquinas\"><\/span>Como escolher o melhor fabricante de m\u00e1quinas?<span class=\"ez-toc-section-end\"><\/span><\/h2>\n\n\n\n<p class=\"wp-block-paragraph\">Para garantir um investimento seguro, \u00e9 essencial considerar os seguintes crit\u00e9rios ao escolher um fabricante:<\/p>\n\n\n<div class=\"wp-block-image\">\n<figure class=\"alignright size-full is-resized\"><img decoding=\"async\" width=\"1024\" height=\"768\" data-src=\"https:\/\/www.afbraco.com.br\/blog\/wp-content\/uploads\/2025\/01\/linhas-de-montagem-1.jpg\" alt=\"Fabrica\u00e7\u00e3o de m\u00e1quinas e equipamentos em S\u00e3o Bernardo do Campo\n\" class=\"wp-image-189 lazyload\" style=\"--smush-placeholder-width: 1024px; --smush-placeholder-aspect-ratio: 1024\/768;width:346px;height:auto\" data-srcset=\"https:\/\/www.afbraco.com.br\/blog\/wp-content\/uploads\/2025\/01\/linhas-de-montagem-1.jpg 1024w, https:\/\/www.afbraco.com.br\/blog\/wp-content\/uploads\/2025\/01\/linhas-de-montagem-1-300x225.jpg 300w, https:\/\/www.afbraco.com.br\/blog\/wp-content\/uploads\/2025\/01\/linhas-de-montagem-1-768x576.jpg 768w\" data-sizes=\"(max-width: 1024px) 100vw, 1024px\" src=\"data:image\/svg+xml;base64,PHN2ZyB3aWR0aD0iMSIgaGVpZ2h0PSIxIiB4bWxucz0iaHR0cDovL3d3dy53My5vcmcvMjAwMC9zdmciPjwvc3ZnPg==\" \/><\/figure>\n<\/div>\n\n\n<p class=\"wp-block-paragraph\"><strong>1. Experi\u00eancia e credibilidade<\/strong><\/p>\n\n\n\n<p class=\"wp-block-paragraph\">Empresas consolidadas no mercado oferecem maior confiabilidade, pois possuem experi\u00eancia comprovada na fabrica\u00e7\u00e3o de equipamentos industriais.<\/p>\n\n\n\n<p class=\"wp-block-paragraph\"><strong>2. Qualidade dos equipamentos<\/strong><\/p>\n\n\n\n<p class=\"wp-block-paragraph\">Verifique os padr\u00f5es de qualidade, certifica\u00e7\u00f5es e feedbacks de clientes para garantir que os produtos atendam \u00e0s normas exigidas.<\/p>\n\n\n\n<p class=\"wp-block-paragraph\"><strong>3. Tecnologia e inova\u00e7\u00e3o<\/strong><\/p>\n\n\n\n<p class=\"wp-block-paragraph\">Fabricantes que investem em pesquisa e desenvolvimento tendem a oferecer <strong>equipamentos mais modernos e eficientes<\/strong>.<\/p>\n\n\n\n<p class=\"wp-block-paragraph\"><strong>4. Personaliza\u00e7\u00e3o de equipamentos<\/strong><\/p>\n\n\n\n<p class=\"wp-block-paragraph\">Cada ind\u00fastria possui necessidades espec\u00edficas. <strong>O fabricante deve ser capaz de personalizar os equipamentos para otimizar os processos produtivos do cliente<\/strong>.<\/p>\n\n\n\n<p class=\"wp-block-paragraph\"><strong>5. Suporte t\u00e9cnico e p\u00f3s-venda<\/strong><\/p>\n\n\n\n<p class=\"wp-block-paragraph\">O suporte t\u00e9cnico especializado \u00e9 essencial para garantir a <strong>longevidade e efici\u00eancia dos equipamentos<\/strong>.<\/p>\n\n\n\n<h2 class=\"wp-block-heading\"><span class=\"ez-toc-section\" id=\"AF_Braco_referencia_nacional_na_fabricacao_de_maquinas_especiais\"><\/span>AF Braco: refer\u00eancia nacional na fabrica\u00e7\u00e3o de m\u00e1quinas especiais<span class=\"ez-toc-section-end\"><\/span><\/h2>\n\n\n\n<p class=\"wp-block-paragraph\">A <strong>AF Braco<\/strong> se destaca como uma das melhores op\u00e7\u00f5es para a fabrica\u00e7\u00e3o de m\u00e1quinas especiais no Brasil. Com uma abordagem que combina inova\u00e7\u00e3o, qualidade e foco na satisfa\u00e7\u00e3o do cliente, a empresa entrega solu\u00e7\u00f5es integradas que atendem \u00e0s mais altas exig\u00eancias do mercado.<\/p>\n\n\n\n<h3 class=\"wp-block-heading\"><span class=\"ez-toc-section\" id=\"Diferenciais_da_AF_Braco\"><\/span>Diferenciais da AF Braco<span class=\"ez-toc-section-end\"><\/span><\/h3>\n\n\n\n<ol class=\"wp-block-list\">\n<li>Tecnologia de ponta<\/li>\n<\/ol>\n\n\n\n<p class=\"wp-block-paragraph\">A empresa investe continuamente em <strong>pesquisa e desenvolvimento<\/strong>, trazendo o que h\u00e1 de mais avan\u00e7ado no setor.<\/p>\n\n\n\n<ol start=\"2\" class=\"wp-block-list\">\n<li>Solu\u00e7\u00f5es integradas<\/li>\n<\/ol>\n\n\n\n<p class=\"wp-block-paragraph\">A <strong>AF Braco se diferencia pela capacidade de oferecer solu\u00e7\u00f5es que integram mec\u00e2nica, el\u00e9trica e controle<\/strong>, proporcionando equipamentos que n\u00e3o s\u00f3 cumprem, mas superam as expectativas dos clientes.<\/p>\n\n\n\n<ol start=\"3\" class=\"wp-block-list\">\n<li>Compromisso com a qualidade<\/li>\n<\/ol>\n\n\n\n<p class=\"wp-block-paragraph\">Cada equipamento passa por <strong>testes rigorosos de qualidade<\/strong>, garantindo m\u00e1xima precis\u00e3o e durabilidade.<\/p>\n\n\n\n<ol start=\"4\" class=\"wp-block-list\">\n<li>Atendimento personalizado<\/li>\n<\/ol>\n\n\n\n<p class=\"wp-block-paragraph\">A empresa desenvolve <strong>m\u00e1quinas sob medida<\/strong>, adaptadas \u00e0s necessidades espec\u00edficas de cada cliente.<\/p>\n\n\n\n<ol start=\"5\" class=\"wp-block-list\">\n<li>Suporte t\u00e9cnico especializado<\/li>\n<\/ol>\n\n\n\n<p class=\"wp-block-paragraph\">Al\u00e9m de fornecer equipamentos de alta qualidade, a <strong>AF Braco oferece suporte t\u00e9cnico especializado e assist\u00eancia completa<\/strong> ao longo de todo o ciclo de vida do equipamento. Isso garante que seus clientes tenham n\u00e3o s\u00f3 um produto de excel\u00eancia, mas tamb\u00e9m o suporte necess\u00e1rio para manter a m\u00e1quina em funcionamento perfeito por muitos anos.<\/p>\n\n\n\n<p class=\"wp-block-paragraph\"><a href=\"https:\/\/www.afbraco.com.br\/blog\/2025\/02\/07\/automacao-de-processos-industriais-no-abc-como-e-quando-fazer\/\">Automa\u00e7\u00e3o de processos industriais no ABC: como e quando fazer<\/a><\/p>\n\n\n\n<h2 class=\"wp-block-heading\"><span class=\"ez-toc-section\" id=\"A_industria_do_futuro_passa_por_Sao_Bernardo_do_Campo\"><\/span>A ind\u00fastria do futuro passa por S\u00e3o Bernardo do Campo<span class=\"ez-toc-section-end\"><\/span><\/h2>\n\n\n\n<p class=\"wp-block-paragraph\">A <strong>fabrica\u00e7\u00e3o de m\u00e1quinas e equipamentos em S\u00e3o Bernardo do Campo<\/strong> fortalece a ind\u00fastria nacional, proporcionando solu\u00e7\u00f5es inovadoras para diversos setores. Com vantagens como aumento da produtividade, redu\u00e7\u00e3o de custos e melhoria da qualidade, esse setor \u00e9 essencial para o crescimento econ\u00f4mico do pa\u00eds.<\/p>\n\n\n\n<p class=\"wp-block-paragraph\">A escolha de um bom fabricante faz toda a diferen\u00e7a. A <strong>AF Braco<\/strong> se consolida como refer\u00eancia no segmento, oferecendo tecnologia, qualidade e suporte completo para seus clientes.<\/p>\n\n\n\n<p class=\"wp-block-paragraph\">Se sua empresa busca inova\u00e7\u00e3o e efici\u00eancia, <a href=\"https:\/\/www.afbraco.com.br\/contato\/\"><strong>entre em contato com a AF Braco e conhe\u00e7a as melhores solu\u00e7\u00f5es em m\u00e1quinas e equipamentos industriais.<\/strong><\/a><\/p>\n","protected":false},"excerpt":{"rendered":"<p><span class=\"rt-reading-time\" style=\"display: block;\"><span class=\"rt-label rt-prefix\">Tempo de leitura: <\/span> <span class=\"rt-time\">4<\/span> <span class=\"rt-label rt-postfix\">minutos<\/span><\/span> A fabrica\u00e7\u00e3o de m\u00e1quinas e equipamentos em S\u00e3o Bernardo do Campo impulsiona a ind\u00fastria com inova\u00e7\u00e3o, qualidade e redu\u00e7\u00e3o de custos, fortalecendo o setor. A fabrica\u00e7\u00e3o de m\u00e1quinas e equipamentos em S\u00e3o Bernardo do Campo \u00e9 um dos pilares da economia local e do setor industrial brasileiro. A cidade se consolidou como um dos principais &hellip; <\/p>\n","protected":false},"author":1,"featured_media":178,"comment_status":"open","ping_status":"open","sticky":false,"template":"","format":"standard","meta":{"footnotes":""},"categories":[938],"tags":[204,1382,1384,1387,1386,1374,1377,1417,1414,1398,1411,1394,1392,1396,1408,1403,1390,1405,1415,1412,1370,1409,951,950,952,1406,955,1388,956,1376,1416,1413,1397,1410,1393,1391,1395,1407,1402,1389,1404,1372,1385,1308,1371,1373,1383,1420,1418,1419,1380,517,1379,1401,1399,1400,1378,1381,1375],"class_list":["post-204","post","type-post","status-publish","format-standard","has-post-thumbnail","hentry","category-maquinas-e-equipamentos","tag-automacao-industrial-no-abc","tag-desenvolvimento-de-maquinas-customizadas","tag-eficiencia-produtiva-com-automacao","tag-empresa-de-fabricacao-de-equipamentos-industriais","tag-empresa-de-fabricacao-de-maquinas-industriais","tag-empresas-de-engenharia-industrial-no-abc","tag-equipamentos-industriais-de-alta-tecnologia","tag-fabricacao-de-equipamentos-industriais-em-diadema","tag-fabricacao-de-equipamentos-industriais-em-santo-andre","tag-fabricacao-de-equipamentos-industriais-em-sao-bernardo-do-campo","tag-fabricacao-de-equipamentos-industriais-em-sao-caetano-do-sul","tag-fabricacao-de-equipamentos-industriais-em-sao-paulo","tag-fabricacao-de-equipamentos-industriais-em-sp","tag-fabricacao-de-equipamentos-industriais-no-abc","tag-fabricacao-de-equipamentos-industriais-no-abcd","tag-fabricacao-de-equipamentos-industriais-perto-de-mim","tag-fabricacao-de-equipamentos-industriais-preco","tag-fabricacao-de-equipamentos-industriais-proximo-a-mim","tag-fabricacao-de-maquinas-e-equipamentos-em-diadema","tag-fabricacao-de-maquinas-e-equipamentos-em-santo-andre","tag-fabricacao-de-maquinas-e-equipamentos-em-sao-bernardo-do-campo","tag-fabricacao-de-maquinas-e-equipamentos-em-sao-caetano-do-sul","tag-fabricacao-de-maquinas-e-equipamentos-em-sao-paulo","tag-fabricacao-de-maquinas-e-equipamentos-em-sp","tag-fabricacao-de-maquinas-e-equipamentos-no-abc","tag-fabricacao-de-maquinas-e-equipamentos-no-abcd","tag-fabricacao-de-maquinas-e-equipamentos-perto-de-mim","tag-fabricacao-de-maquinas-e-equipamentos-preco","tag-fabricacao-de-maquinas-e-equipamentos-proximo-a-mim","tag-fabricacao-de-maquinas-especiais-no-brasil","tag-fabricacao-de-maquinas-industriais-em-diadema","tag-fabricacao-de-maquinas-industriais-em-santo-andre","tag-fabricacao-de-maquinas-industriais-em-sao-bernardo-do-campo","tag-fabricacao-de-maquinas-industriais-em-sao-caetano-do-sul","tag-fabricacao-de-maquinas-industriais-em-sao-paulo","tag-fabricacao-de-maquinas-industriais-em-sp","tag-fabricacao-de-maquinas-industriais-no-abc","tag-fabricacao-de-maquinas-industriais-no-abcd","tag-fabricacao-de-maquinas-industriais-perto-de-mim","tag-fabricacao-de-maquinas-industriais-preco","tag-fabricacao-de-maquinas-industriais-proximo-a-mim","tag-fabricantes-de-equipamentos-industriais-no-abc","tag-fornecedores-de-maquinas-industriais-no-abc","tag-industria-4-0-no-abc","tag-industria-de-maquinas-sao-bernardo-do-campo","tag-inovacao-na-fabricacao-de-maquinas","tag-inovacao-no-setor-de-maquinas-e-equipamentos","tag-onde-encontrar-fabricacao-de-equipamentos-industriais","tag-onde-encontrar-fabricacao-de-maquinas-e-equipamentos","tag-onde-encontrar-fabricacao-de-maquinas-industriais","tag-personalizacao-de-equipamentos-industriais","tag-reducao-de-custos-na-industria","tag-seguranca-e-eficiencia-na-fabricacao-de-maquinas","tag-servico-de-fabricacao-de-equipamentos-industriais","tag-servico-de-fabricacao-de-maquinas-e-equipamentos","tag-servico-de-fabricacao-de-maquinas-industriais","tag-solucoes-integradas-para-automacao","tag-suporte-tecnico-para-maquinas-industriais","tag-tecnologia-para-o-setor-industrial","latest_post"],"yoast_head":"<!-- This site is optimized with the Yoast SEO plugin v23.4 - https:\/\/yoast.com\/wordpress\/plugins\/seo\/ -->\n<title>Fabrica\u00e7\u00e3o de m\u00e1quinas e equipamentos em S\u00e3o Bernardo do Campo - Blog AF Braco<\/title>\n<meta name=\"description\" content=\"A fabrica\u00e7\u00e3o de m\u00e1quinas e equipamentos em S\u00e3o Bernardo do Campo impulsiona a ind\u00fastria com inova\u00e7\u00e3o, qualidade e redu\u00e7\u00e3o de custos, fortalecendo o setor.\" \/>\n<meta name=\"robots\" content=\"index, follow, max-snippet:-1, max-image-preview:large, max-video-preview:-1\" \/>\n<link rel=\"canonical\" href=\"https:\/\/www.afbraco.com.br\/blog\/maquinas-e-equipamentos\/fabricacao-de-maquinas-e-equipamentos-em-sao-bernardo-do-campo\/\" \/>\n<meta property=\"og:locale\" content=\"pt_BR\" \/>\n<meta property=\"og:type\" content=\"article\" \/>\n<meta property=\"og:title\" content=\"Fabrica\u00e7\u00e3o de m\u00e1quinas e equipamentos em S\u00e3o Bernardo do Campo - Blog AF Braco\" \/>\n<meta property=\"og:description\" content=\"A fabrica\u00e7\u00e3o de m\u00e1quinas e equipamentos em S\u00e3o Bernardo do Campo impulsiona a ind\u00fastria com inova\u00e7\u00e3o, qualidade e redu\u00e7\u00e3o de custos, fortalecendo o setor.\" \/>\n<meta property=\"og:url\" content=\"https:\/\/www.afbraco.com.br\/blog\/maquinas-e-equipamentos\/fabricacao-de-maquinas-e-equipamentos-em-sao-bernardo-do-campo\/\" \/>\n<meta property=\"og:site_name\" content=\"Blog AF Braco\" \/>\n<meta property=\"article:published_time\" content=\"2025-02-12T19:26:21+00:00\" \/>\n<meta property=\"article:modified_time\" content=\"2025-02-12T19:27:10+00:00\" \/>\n<meta property=\"og:image\" content=\"https:\/\/www.afbraco.com.br\/blog\/wp-content\/uploads\/2024\/11\/posto-de-furacao-multipla-de-para-choques2.jpg\" \/>\n\t<meta property=\"og:image:width\" content=\"689\" \/>\n\t<meta property=\"og:image:height\" content=\"388\" \/>\n\t<meta property=\"og:image:type\" content=\"image\/jpeg\" \/>\n<meta name=\"author\" content=\"admin\" \/>\n<meta name=\"twitter:card\" content=\"summary_large_image\" \/>\n<meta name=\"twitter:label1\" content=\"Escrito por\" \/>\n\t<meta name=\"twitter:data1\" content=\"admin\" \/>\n\t<meta name=\"twitter:label2\" content=\"Est. tempo de leitura\" \/>\n\t<meta name=\"twitter:data2\" content=\"6 minutos\" \/>\n<script type=\"application\/ld+json\" class=\"yoast-schema-graph\">{\"@context\":\"https:\/\/schema.org\",\"@graph\":[{\"@type\":\"Article\",\"@id\":\"https:\/\/www.afbraco.com.br\/blog\/maquinas-e-equipamentos\/fabricacao-de-maquinas-e-equipamentos-em-sao-bernardo-do-campo\/#article\",\"isPartOf\":{\"@id\":\"https:\/\/www.afbraco.com.br\/blog\/maquinas-e-equipamentos\/fabricacao-de-maquinas-e-equipamentos-em-sao-bernardo-do-campo\/\"},\"author\":{\"name\":\"admin\",\"@id\":\"https:\/\/www.afbraco.com.br\/blog\/#\/schema\/person\/427415ca30f1389e39eecc72ccc72ba9\"},\"headline\":\"Fabrica\u00e7\u00e3o de m\u00e1quinas e equipamentos em S\u00e3o Bernardo do Campo\",\"datePublished\":\"2025-02-12T19:26:21+00:00\",\"dateModified\":\"2025-02-12T19:27:10+00:00\",\"mainEntityOfPage\":{\"@id\":\"https:\/\/www.afbraco.com.br\/blog\/maquinas-e-equipamentos\/fabricacao-de-maquinas-e-equipamentos-em-sao-bernardo-do-campo\/\"},\"wordCount\":1134,\"commentCount\":0,\"publisher\":{\"@id\":\"https:\/\/www.afbraco.com.br\/blog\/#organization\"},\"image\":{\"@id\":\"https:\/\/www.afbraco.com.br\/blog\/maquinas-e-equipamentos\/fabricacao-de-maquinas-e-equipamentos-em-sao-bernardo-do-campo\/#primaryimage\"},\"thumbnailUrl\":\"https:\/\/www.afbraco.com.br\/blog\/wp-content\/uploads\/2024\/11\/posto-de-furacao-multipla-de-para-choques2.jpg\",\"keywords\":[\"Automa\u00e7\u00e3o industrial no ABC\",\"desenvolvimento de m\u00e1quinas customizadas\",\"efici\u00eancia produtiva com automa\u00e7\u00e3o\",\"empresa de fabrica\u00e7\u00e3o de equipamentos industriais\",\"empresa de fabrica\u00e7\u00e3o de m\u00e1quinas industriais\",\"empresas de engenharia industrial no ABC\",\"equipamentos industriais de alta tecnologia\",\"fabrica\u00e7\u00e3o de equipamentos industriais em Diadema\",\"fabrica\u00e7\u00e3o de equipamentos industriais em Santo Andr\u00e9\",\"fabrica\u00e7\u00e3o de equipamentos industriais em S\u00e3o Bernardo do Campo\",\"fabrica\u00e7\u00e3o de equipamentos industriais em S\u00e3o Caetano do Sul\",\"fabrica\u00e7\u00e3o de equipamentos industriais em s\u00e3o paulo\",\"fabrica\u00e7\u00e3o de equipamentos industriais em sp\",\"fabrica\u00e7\u00e3o de equipamentos industriais no ABC\",\"fabrica\u00e7\u00e3o de equipamentos industriais no ABCD\",\"fabrica\u00e7\u00e3o de equipamentos industriais perto de mim\",\"fabrica\u00e7\u00e3o de equipamentos industriais pre\u00e7o\",\"fabrica\u00e7\u00e3o de equipamentos industriais pr\u00f3ximo a mim\",\"fabrica\u00e7\u00e3o de m\u00e1quinas e equipamentos em Diadema\",\"fabrica\u00e7\u00e3o de m\u00e1quinas e equipamentos em Santo Andr\u00e9\",\"fabrica\u00e7\u00e3o de m\u00e1quinas e equipamentos em S\u00e3o Bernardo do Campo\",\"fabrica\u00e7\u00e3o de m\u00e1quinas e equipamentos em S\u00e3o Caetano do Sul\",\"Fabrica\u00e7\u00e3o De M\u00e1quinas E Equipamentos em s\u00e3o paulo\",\"Fabrica\u00e7\u00e3o De M\u00e1quinas E Equipamentos em sp\",\"Fabrica\u00e7\u00e3o De M\u00e1quinas E Equipamentos no ABC\",\"fabrica\u00e7\u00e3o de m\u00e1quinas e equipamentos no ABCD\",\"Fabrica\u00e7\u00e3o De M\u00e1quinas E Equipamentos perto de mim\",\"fabrica\u00e7\u00e3o de m\u00e1quinas e equipamentos pre\u00e7o\",\"Fabrica\u00e7\u00e3o De M\u00e1quinas E Equipamentos pr\u00f3ximo a mim\",\"fabrica\u00e7\u00e3o de m\u00e1quinas especiais no Brasil\",\"fabrica\u00e7\u00e3o de m\u00e1quinas industriais em Diadema\",\"fabrica\u00e7\u00e3o de m\u00e1quinas industriais em Santo Andr\u00e9\",\"fabrica\u00e7\u00e3o de m\u00e1quinas industriais em S\u00e3o Bernardo do Campo\",\"fabrica\u00e7\u00e3o de m\u00e1quinas industriais em S\u00e3o Caetano do Sul\",\"fabrica\u00e7\u00e3o de m\u00e1quinas industriais em s\u00e3o paulo\",\"fabrica\u00e7\u00e3o de m\u00e1quinas industriais em sp\",\"fabrica\u00e7\u00e3o de m\u00e1quinas industriais no ABC\",\"fabrica\u00e7\u00e3o de m\u00e1quinas industriais no ABCD\",\"fabrica\u00e7\u00e3o de m\u00e1quinas industriais perto de mim\",\"fabrica\u00e7\u00e3o de m\u00e1quinas industriais pre\u00e7o\",\"fabrica\u00e7\u00e3o de m\u00e1quinas industriais pr\u00f3ximo a mim\",\"fabricantes de equipamentos industriais no ABC\",\"fornecedores de m\u00e1quinas industriais no ABC\",\"Ind\u00fastria 4.0 no ABC\",\"ind\u00fastria de m\u00e1quinas S\u00e3o Bernardo do Campo\",\"inova\u00e7\u00e3o na fabrica\u00e7\u00e3o de m\u00e1quinas\",\"inova\u00e7\u00e3o no setor de m\u00e1quinas e equipamentos\",\"onde encontrar fabrica\u00e7\u00e3o de equipamentos industriais\",\"onde encontrar fabrica\u00e7\u00e3o de m\u00e1quinas e equipamentos\",\"onde encontrar fabrica\u00e7\u00e3o de m\u00e1quinas industriais\",\"personaliza\u00e7\u00e3o de equipamentos industriais\",\"Redu\u00e7\u00e3o de custos na ind\u00fastria\",\"seguran\u00e7a e efici\u00eancia na fabrica\u00e7\u00e3o de m\u00e1quinas\",\"servi\u00e7o de fabrica\u00e7\u00e3o de equipamentos industriais\",\"servi\u00e7o de fabrica\u00e7\u00e3o de m\u00e1quinas e equipamentos\",\"servi\u00e7o de fabrica\u00e7\u00e3o de m\u00e1quinas industriais\",\"solu\u00e7\u00f5es integradas para automa\u00e7\u00e3o\",\"suporte t\u00e9cnico para m\u00e1quinas industriais\",\"tecnologia para o setor industrial\"],\"articleSection\":[\"M\u00e1quinas E Equipamentos\"],\"inLanguage\":\"pt-BR\",\"potentialAction\":[{\"@type\":\"CommentAction\",\"name\":\"Comment\",\"target\":[\"https:\/\/www.afbraco.com.br\/blog\/maquinas-e-equipamentos\/fabricacao-de-maquinas-e-equipamentos-em-sao-bernardo-do-campo\/#respond\"]}]},{\"@type\":\"WebPage\",\"@id\":\"https:\/\/www.afbraco.com.br\/blog\/maquinas-e-equipamentos\/fabricacao-de-maquinas-e-equipamentos-em-sao-bernardo-do-campo\/\",\"url\":\"https:\/\/www.afbraco.com.br\/blog\/maquinas-e-equipamentos\/fabricacao-de-maquinas-e-equipamentos-em-sao-bernardo-do-campo\/\",\"name\":\"Fabrica\u00e7\u00e3o de m\u00e1quinas e equipamentos em S\u00e3o Bernardo do Campo - Blog AF Braco\",\"isPartOf\":{\"@id\":\"https:\/\/www.afbraco.com.br\/blog\/#website\"},\"primaryImageOfPage\":{\"@id\":\"https:\/\/www.afbraco.com.br\/blog\/maquinas-e-equipamentos\/fabricacao-de-maquinas-e-equipamentos-em-sao-bernardo-do-campo\/#primaryimage\"},\"image\":{\"@id\":\"https:\/\/www.afbraco.com.br\/blog\/maquinas-e-equipamentos\/fabricacao-de-maquinas-e-equipamentos-em-sao-bernardo-do-campo\/#primaryimage\"},\"thumbnailUrl\":\"https:\/\/www.afbraco.com.br\/blog\/wp-content\/uploads\/2024\/11\/posto-de-furacao-multipla-de-para-choques2.jpg\",\"datePublished\":\"2025-02-12T19:26:21+00:00\",\"dateModified\":\"2025-02-12T19:27:10+00:00\",\"description\":\"A fabrica\u00e7\u00e3o de m\u00e1quinas e equipamentos em S\u00e3o Bernardo do Campo impulsiona a ind\u00fastria com inova\u00e7\u00e3o, qualidade e redu\u00e7\u00e3o de custos, fortalecendo o setor.\",\"breadcrumb\":{\"@id\":\"https:\/\/www.afbraco.com.br\/blog\/maquinas-e-equipamentos\/fabricacao-de-maquinas-e-equipamentos-em-sao-bernardo-do-campo\/#breadcrumb\"},\"inLanguage\":\"pt-BR\",\"potentialAction\":[{\"@type\":\"ReadAction\",\"target\":[\"https:\/\/www.afbraco.com.br\/blog\/maquinas-e-equipamentos\/fabricacao-de-maquinas-e-equipamentos-em-sao-bernardo-do-campo\/\"]}]},{\"@type\":\"ImageObject\",\"inLanguage\":\"pt-BR\",\"@id\":\"https:\/\/www.afbraco.com.br\/blog\/maquinas-e-equipamentos\/fabricacao-de-maquinas-e-equipamentos-em-sao-bernardo-do-campo\/#primaryimage\",\"url\":\"https:\/\/www.afbraco.com.br\/blog\/wp-content\/uploads\/2024\/11\/posto-de-furacao-multipla-de-para-choques2.jpg\",\"contentUrl\":\"https:\/\/www.afbraco.com.br\/blog\/wp-content\/uploads\/2024\/11\/posto-de-furacao-multipla-de-para-choques2.jpg\",\"width\":689,\"height\":388,\"caption\":\"Fabrica\u00e7\u00e3o de m\u00e1quinas e equipamentos em S\u00e3o Bernardo do Campo\"},{\"@type\":\"BreadcrumbList\",\"@id\":\"https:\/\/www.afbraco.com.br\/blog\/maquinas-e-equipamentos\/fabricacao-de-maquinas-e-equipamentos-em-sao-bernardo-do-campo\/#breadcrumb\",\"itemListElement\":[{\"@type\":\"ListItem\",\"position\":1,\"name\":\"In\u00edcio\",\"item\":\"https:\/\/www.afbraco.com.br\/blog\/\"},{\"@type\":\"ListItem\",\"position\":2,\"name\":\"Fabrica\u00e7\u00e3o de m\u00e1quinas e equipamentos em S\u00e3o Bernardo do Campo\"}]},{\"@type\":\"WebSite\",\"@id\":\"https:\/\/www.afbraco.com.br\/blog\/#website\",\"url\":\"https:\/\/www.afbraco.com.br\/blog\/\",\"name\":\"Blog AF Braco\",\"description\":\"\",\"publisher\":{\"@id\":\"https:\/\/www.afbraco.com.br\/blog\/#organization\"},\"potentialAction\":[{\"@type\":\"SearchAction\",\"target\":{\"@type\":\"EntryPoint\",\"urlTemplate\":\"https:\/\/www.afbraco.com.br\/blog\/?s={search_term_string}\"},\"query-input\":{\"@type\":\"PropertyValueSpecification\",\"valueRequired\":true,\"valueName\":\"search_term_string\"}}],\"inLanguage\":\"pt-BR\"},{\"@type\":\"Organization\",\"@id\":\"https:\/\/www.afbraco.com.br\/blog\/#organization\",\"name\":\"Blog AF Braco\",\"url\":\"https:\/\/www.afbraco.com.br\/blog\/\",\"logo\":{\"@type\":\"ImageObject\",\"inLanguage\":\"pt-BR\",\"@id\":\"https:\/\/www.afbraco.com.br\/blog\/#\/schema\/logo\/image\/\",\"url\":\"https:\/\/www.afbraco.com.br\/blog\/wp-content\/uploads\/2024\/07\/cropped-logo-5.png\",\"contentUrl\":\"https:\/\/www.afbraco.com.br\/blog\/wp-content\/uploads\/2024\/07\/cropped-logo-5.png\",\"width\":830,\"height\":234,\"caption\":\"Blog AF Braco\"},\"image\":{\"@id\":\"https:\/\/www.afbraco.com.br\/blog\/#\/schema\/logo\/image\/\"}},{\"@type\":\"Person\",\"@id\":\"https:\/\/www.afbraco.com.br\/blog\/#\/schema\/person\/427415ca30f1389e39eecc72ccc72ba9\",\"name\":\"admin\",\"image\":{\"@type\":\"ImageObject\",\"inLanguage\":\"pt-BR\",\"@id\":\"https:\/\/www.afbraco.com.br\/blog\/#\/schema\/person\/image\/\",\"url\":\"https:\/\/secure.gravatar.com\/avatar\/f3273dd18d95bc19d51d3e6356e4a679e6f13824497272a270e7bb540b0abb9d?s=96&d=mm&r=g\",\"contentUrl\":\"https:\/\/secure.gravatar.com\/avatar\/f3273dd18d95bc19d51d3e6356e4a679e6f13824497272a270e7bb540b0abb9d?s=96&d=mm&r=g\",\"caption\":\"admin\"},\"sameAs\":[\"https:\/\/www.afbraco.com.br\/blog\"],\"url\":\"https:\/\/www.afbraco.com.br\/blog\/author\/admin\/\"}]}<\/script>\n<!-- \/ Yoast SEO plugin. -->","yoast_head_json":{"title":"Fabrica\u00e7\u00e3o de m\u00e1quinas e equipamentos em S\u00e3o Bernardo do Campo - Blog AF Braco","description":"A fabrica\u00e7\u00e3o de m\u00e1quinas e equipamentos em S\u00e3o Bernardo do Campo impulsiona a ind\u00fastria com inova\u00e7\u00e3o, qualidade e redu\u00e7\u00e3o de custos, fortalecendo o setor.","robots":{"index":"index","follow":"follow","max-snippet":"max-snippet:-1","max-image-preview":"max-image-preview:large","max-video-preview":"max-video-preview:-1"},"canonical":"https:\/\/www.afbraco.com.br\/blog\/maquinas-e-equipamentos\/fabricacao-de-maquinas-e-equipamentos-em-sao-bernardo-do-campo\/","og_locale":"pt_BR","og_type":"article","og_title":"Fabrica\u00e7\u00e3o de m\u00e1quinas e equipamentos em S\u00e3o Bernardo do Campo - Blog AF Braco","og_description":"A fabrica\u00e7\u00e3o de m\u00e1quinas e equipamentos em S\u00e3o Bernardo do Campo impulsiona a ind\u00fastria com inova\u00e7\u00e3o, qualidade e redu\u00e7\u00e3o de custos, fortalecendo o setor.","og_url":"https:\/\/www.afbraco.com.br\/blog\/maquinas-e-equipamentos\/fabricacao-de-maquinas-e-equipamentos-em-sao-bernardo-do-campo\/","og_site_name":"Blog AF Braco","article_published_time":"2025-02-12T19:26:21+00:00","article_modified_time":"2025-02-12T19:27:10+00:00","og_image":[{"width":689,"height":388,"url":"https:\/\/www.afbraco.com.br\/blog\/wp-content\/uploads\/2024\/11\/posto-de-furacao-multipla-de-para-choques2.jpg","type":"image\/jpeg"}],"author":"admin","twitter_card":"summary_large_image","twitter_misc":{"Escrito por":"admin","Est. tempo de leitura":"6 minutos"},"schema":{"@context":"https:\/\/schema.org","@graph":[{"@type":"Article","@id":"https:\/\/www.afbraco.com.br\/blog\/maquinas-e-equipamentos\/fabricacao-de-maquinas-e-equipamentos-em-sao-bernardo-do-campo\/#article","isPartOf":{"@id":"https:\/\/www.afbraco.com.br\/blog\/maquinas-e-equipamentos\/fabricacao-de-maquinas-e-equipamentos-em-sao-bernardo-do-campo\/"},"author":{"name":"admin","@id":"https:\/\/www.afbraco.com.br\/blog\/#\/schema\/person\/427415ca30f1389e39eecc72ccc72ba9"},"headline":"Fabrica\u00e7\u00e3o de m\u00e1quinas e equipamentos em S\u00e3o Bernardo do Campo","datePublished":"2025-02-12T19:26:21+00:00","dateModified":"2025-02-12T19:27:10+00:00","mainEntityOfPage":{"@id":"https:\/\/www.afbraco.com.br\/blog\/maquinas-e-equipamentos\/fabricacao-de-maquinas-e-equipamentos-em-sao-bernardo-do-campo\/"},"wordCount":1134,"commentCount":0,"publisher":{"@id":"https:\/\/www.afbraco.com.br\/blog\/#organization"},"image":{"@id":"https:\/\/www.afbraco.com.br\/blog\/maquinas-e-equipamentos\/fabricacao-de-maquinas-e-equipamentos-em-sao-bernardo-do-campo\/#primaryimage"},"thumbnailUrl":"https:\/\/www.afbraco.com.br\/blog\/wp-content\/uploads\/2024\/11\/posto-de-furacao-multipla-de-para-choques2.jpg","keywords":["Automa\u00e7\u00e3o industrial no ABC","desenvolvimento de m\u00e1quinas customizadas","efici\u00eancia produtiva com automa\u00e7\u00e3o","empresa de fabrica\u00e7\u00e3o de equipamentos industriais","empresa de fabrica\u00e7\u00e3o de m\u00e1quinas industriais","empresas de engenharia industrial no ABC","equipamentos industriais de alta tecnologia","fabrica\u00e7\u00e3o de equipamentos industriais em Diadema","fabrica\u00e7\u00e3o de equipamentos industriais em Santo Andr\u00e9","fabrica\u00e7\u00e3o de equipamentos industriais em S\u00e3o Bernardo do Campo","fabrica\u00e7\u00e3o de equipamentos industriais em S\u00e3o Caetano do Sul","fabrica\u00e7\u00e3o de equipamentos industriais em s\u00e3o paulo","fabrica\u00e7\u00e3o de equipamentos industriais em sp","fabrica\u00e7\u00e3o de equipamentos industriais no ABC","fabrica\u00e7\u00e3o de equipamentos industriais no ABCD","fabrica\u00e7\u00e3o de equipamentos industriais perto de mim","fabrica\u00e7\u00e3o de equipamentos industriais pre\u00e7o","fabrica\u00e7\u00e3o de equipamentos industriais pr\u00f3ximo a mim","fabrica\u00e7\u00e3o de m\u00e1quinas e equipamentos em Diadema","fabrica\u00e7\u00e3o de m\u00e1quinas e equipamentos em Santo Andr\u00e9","fabrica\u00e7\u00e3o de m\u00e1quinas e equipamentos em S\u00e3o Bernardo do Campo","fabrica\u00e7\u00e3o de m\u00e1quinas e equipamentos em S\u00e3o Caetano do Sul","Fabrica\u00e7\u00e3o De M\u00e1quinas E Equipamentos em s\u00e3o paulo","Fabrica\u00e7\u00e3o De M\u00e1quinas E Equipamentos em sp","Fabrica\u00e7\u00e3o De M\u00e1quinas E Equipamentos no ABC","fabrica\u00e7\u00e3o de m\u00e1quinas e equipamentos no ABCD","Fabrica\u00e7\u00e3o De M\u00e1quinas E Equipamentos perto de mim","fabrica\u00e7\u00e3o de m\u00e1quinas e equipamentos pre\u00e7o","Fabrica\u00e7\u00e3o De M\u00e1quinas E Equipamentos pr\u00f3ximo a mim","fabrica\u00e7\u00e3o de m\u00e1quinas especiais no Brasil","fabrica\u00e7\u00e3o de m\u00e1quinas industriais em Diadema","fabrica\u00e7\u00e3o de m\u00e1quinas industriais em Santo Andr\u00e9","fabrica\u00e7\u00e3o de m\u00e1quinas industriais em S\u00e3o Bernardo do Campo","fabrica\u00e7\u00e3o de m\u00e1quinas industriais em S\u00e3o Caetano do Sul","fabrica\u00e7\u00e3o de m\u00e1quinas industriais em s\u00e3o paulo","fabrica\u00e7\u00e3o de m\u00e1quinas industriais em sp","fabrica\u00e7\u00e3o de m\u00e1quinas industriais no ABC","fabrica\u00e7\u00e3o de m\u00e1quinas industriais no ABCD","fabrica\u00e7\u00e3o de m\u00e1quinas industriais perto de mim","fabrica\u00e7\u00e3o de m\u00e1quinas industriais pre\u00e7o","fabrica\u00e7\u00e3o de m\u00e1quinas industriais pr\u00f3ximo a mim","fabricantes de equipamentos industriais no ABC","fornecedores de m\u00e1quinas industriais no ABC","Ind\u00fastria 4.0 no ABC","ind\u00fastria de m\u00e1quinas S\u00e3o Bernardo do Campo","inova\u00e7\u00e3o na fabrica\u00e7\u00e3o de m\u00e1quinas","inova\u00e7\u00e3o no setor de m\u00e1quinas e equipamentos","onde encontrar fabrica\u00e7\u00e3o de equipamentos industriais","onde encontrar fabrica\u00e7\u00e3o de m\u00e1quinas e equipamentos","onde encontrar fabrica\u00e7\u00e3o de m\u00e1quinas industriais","personaliza\u00e7\u00e3o de equipamentos industriais","Redu\u00e7\u00e3o de custos na ind\u00fastria","seguran\u00e7a e efici\u00eancia na fabrica\u00e7\u00e3o de m\u00e1quinas","servi\u00e7o de fabrica\u00e7\u00e3o de equipamentos industriais","servi\u00e7o de fabrica\u00e7\u00e3o de m\u00e1quinas e equipamentos","servi\u00e7o de fabrica\u00e7\u00e3o de m\u00e1quinas industriais","solu\u00e7\u00f5es integradas para automa\u00e7\u00e3o","suporte t\u00e9cnico para m\u00e1quinas industriais","tecnologia para o setor industrial"],"articleSection":["M\u00e1quinas E Equipamentos"],"inLanguage":"pt-BR","potentialAction":[{"@type":"CommentAction","name":"Comment","target":["https:\/\/www.afbraco.com.br\/blog\/maquinas-e-equipamentos\/fabricacao-de-maquinas-e-equipamentos-em-sao-bernardo-do-campo\/#respond"]}]},{"@type":"WebPage","@id":"https:\/\/www.afbraco.com.br\/blog\/maquinas-e-equipamentos\/fabricacao-de-maquinas-e-equipamentos-em-sao-bernardo-do-campo\/","url":"https:\/\/www.afbraco.com.br\/blog\/maquinas-e-equipamentos\/fabricacao-de-maquinas-e-equipamentos-em-sao-bernardo-do-campo\/","name":"Fabrica\u00e7\u00e3o de m\u00e1quinas e equipamentos em S\u00e3o Bernardo do Campo - Blog AF Braco","isPartOf":{"@id":"https:\/\/www.afbraco.com.br\/blog\/#website"},"primaryImageOfPage":{"@id":"https:\/\/www.afbraco.com.br\/blog\/maquinas-e-equipamentos\/fabricacao-de-maquinas-e-equipamentos-em-sao-bernardo-do-campo\/#primaryimage"},"image":{"@id":"https:\/\/www.afbraco.com.br\/blog\/maquinas-e-equipamentos\/fabricacao-de-maquinas-e-equipamentos-em-sao-bernardo-do-campo\/#primaryimage"},"thumbnailUrl":"https:\/\/www.afbraco.com.br\/blog\/wp-content\/uploads\/2024\/11\/posto-de-furacao-multipla-de-para-choques2.jpg","datePublished":"2025-02-12T19:26:21+00:00","dateModified":"2025-02-12T19:27:10+00:00","description":"A fabrica\u00e7\u00e3o de m\u00e1quinas e equipamentos em S\u00e3o Bernardo do Campo impulsiona a ind\u00fastria com inova\u00e7\u00e3o, qualidade e redu\u00e7\u00e3o de custos, fortalecendo o setor.","breadcrumb":{"@id":"https:\/\/www.afbraco.com.br\/blog\/maquinas-e-equipamentos\/fabricacao-de-maquinas-e-equipamentos-em-sao-bernardo-do-campo\/#breadcrumb"},"inLanguage":"pt-BR","potentialAction":[{"@type":"ReadAction","target":["https:\/\/www.afbraco.com.br\/blog\/maquinas-e-equipamentos\/fabricacao-de-maquinas-e-equipamentos-em-sao-bernardo-do-campo\/"]}]},{"@type":"ImageObject","inLanguage":"pt-BR","@id":"https:\/\/www.afbraco.com.br\/blog\/maquinas-e-equipamentos\/fabricacao-de-maquinas-e-equipamentos-em-sao-bernardo-do-campo\/#primaryimage","url":"https:\/\/www.afbraco.com.br\/blog\/wp-content\/uploads\/2024\/11\/posto-de-furacao-multipla-de-para-choques2.jpg","contentUrl":"https:\/\/www.afbraco.com.br\/blog\/wp-content\/uploads\/2024\/11\/posto-de-furacao-multipla-de-para-choques2.jpg","width":689,"height":388,"caption":"Fabrica\u00e7\u00e3o de m\u00e1quinas e equipamentos em S\u00e3o Bernardo do Campo"},{"@type":"BreadcrumbList","@id":"https:\/\/www.afbraco.com.br\/blog\/maquinas-e-equipamentos\/fabricacao-de-maquinas-e-equipamentos-em-sao-bernardo-do-campo\/#breadcrumb","itemListElement":[{"@type":"ListItem","position":1,"name":"In\u00edcio","item":"https:\/\/www.afbraco.com.br\/blog\/"},{"@type":"ListItem","position":2,"name":"Fabrica\u00e7\u00e3o de m\u00e1quinas e equipamentos em S\u00e3o Bernardo do Campo"}]},{"@type":"WebSite","@id":"https:\/\/www.afbraco.com.br\/blog\/#website","url":"https:\/\/www.afbraco.com.br\/blog\/","name":"Blog AF Braco","description":"","publisher":{"@id":"https:\/\/www.afbraco.com.br\/blog\/#organization"},"potentialAction":[{"@type":"SearchAction","target":{"@type":"EntryPoint","urlTemplate":"https:\/\/www.afbraco.com.br\/blog\/?s={search_term_string}"},"query-input":{"@type":"PropertyValueSpecification","valueRequired":true,"valueName":"search_term_string"}}],"inLanguage":"pt-BR"},{"@type":"Organization","@id":"https:\/\/www.afbraco.com.br\/blog\/#organization","name":"Blog AF Braco","url":"https:\/\/www.afbraco.com.br\/blog\/","logo":{"@type":"ImageObject","inLanguage":"pt-BR","@id":"https:\/\/www.afbraco.com.br\/blog\/#\/schema\/logo\/image\/","url":"https:\/\/www.afbraco.com.br\/blog\/wp-content\/uploads\/2024\/07\/cropped-logo-5.png","contentUrl":"https:\/\/www.afbraco.com.br\/blog\/wp-content\/uploads\/2024\/07\/cropped-logo-5.png","width":830,"height":234,"caption":"Blog AF Braco"},"image":{"@id":"https:\/\/www.afbraco.com.br\/blog\/#\/schema\/logo\/image\/"}},{"@type":"Person","@id":"https:\/\/www.afbraco.com.br\/blog\/#\/schema\/person\/427415ca30f1389e39eecc72ccc72ba9","name":"admin","image":{"@type":"ImageObject","inLanguage":"pt-BR","@id":"https:\/\/www.afbraco.com.br\/blog\/#\/schema\/person\/image\/","url":"https:\/\/secure.gravatar.com\/avatar\/f3273dd18d95bc19d51d3e6356e4a679e6f13824497272a270e7bb540b0abb9d?s=96&d=mm&r=g","contentUrl":"https:\/\/secure.gravatar.com\/avatar\/f3273dd18d95bc19d51d3e6356e4a679e6f13824497272a270e7bb540b0abb9d?s=96&d=mm&r=g","caption":"admin"},"sameAs":["https:\/\/www.afbraco.com.br\/blog"],"url":"https:\/\/www.afbraco.com.br\/blog\/author\/admin\/"}]}},"_links":{"self":[{"href":"https:\/\/www.afbraco.com.br\/blog\/wp-json\/wp\/v2\/posts\/204","targetHints":{"allow":["GET"]}}],"collection":[{"href":"https:\/\/www.afbraco.com.br\/blog\/wp-json\/wp\/v2\/posts"}],"about":[{"href":"https:\/\/www.afbraco.com.br\/blog\/wp-json\/wp\/v2\/types\/post"}],"author":[{"embeddable":true,"href":"https:\/\/www.afbraco.com.br\/blog\/wp-json\/wp\/v2\/users\/1"}],"replies":[{"embeddable":true,"href":"https:\/\/www.afbraco.com.br\/blog\/wp-json\/wp\/v2\/comments?post=204"}],"version-history":[{"count":1,"href":"https:\/\/www.afbraco.com.br\/blog\/wp-json\/wp\/v2\/posts\/204\/revisions"}],"predecessor-version":[{"id":205,"href":"https:\/\/www.afbraco.com.br\/blog\/wp-json\/wp\/v2\/posts\/204\/revisions\/205"}],"wp:featuredmedia":[{"embeddable":true,"href":"https:\/\/www.afbraco.com.br\/blog\/wp-json\/wp\/v2\/media\/178"}],"wp:attachment":[{"href":"https:\/\/www.afbraco.com.br\/blog\/wp-json\/wp\/v2\/media?parent=204"}],"wp:term":[{"taxonomy":"category","embeddable":true,"href":"https:\/\/www.afbraco.com.br\/blog\/wp-json\/wp\/v2\/categories?post=204"},{"taxonomy":"post_tag","embeddable":true,"href":"https:\/\/www.afbraco.com.br\/blog\/wp-json\/wp\/v2\/tags?post=204"}],"curies":[{"name":"wp","href":"https:\/\/api.w.org\/{rel}","templated":true}]}}